{"id":373,"date":"2023-09-26T15:41:18","date_gmt":"2023-09-26T14:41:18","guid":{"rendered":"https:\/\/www.sudoku-online.org\/revista\/?p=373"},"modified":"2023-09-26T15:41:18","modified_gmt":"2023-09-26T14:41:18","slug":"flores-otono-colores-hogar-plantas-temporada","status":"publish","type":"post","link":"https:\/\/www.sudoku-online.org\/revista\/plantas\/flores-otono-colores-hogar-plantas-temporada-20230926-373.html","title":{"rendered":"Flores de oto\u00f1o: pintando tu hogar con las plantas de temporada"},"content":{"rendered":"<p>El oto\u00f1o trae consigo una paleta de colores c\u00e1lidos y una oportunidad perfecta para dar nueva vida a la decoraci\u00f3n de tu hogar con flores de temporada. Te traemos algunas de las flores de oto\u00f1o m\u00e1s encantadoras y vers\u00e1tiles: los pensamientos, el ciclamen, la cal\u00e9ndula, el crisantemo y las pr\u00edmulas. Estas flores no solo deslumbran por su belleza, sino que tambi\u00e9n a\u00f1aden calidez y car\u00e1cter a tu espacio interior. Y lo m\u00e1s importante, resistentes a la bajada de temperaturas de esta \u00e9poca del a\u00f1o.<\/p>\n<p><img loading=\"lazy\" decoding=\"async\" class=\"aligncenter size-full wp-image-375\" src=\"https:\/\/www.sudoku-online.org\/revista\/wp-content\/uploads\/2023\/09\/64204829-scaled.jpg\" alt=\"\" width=\"2560\" height=\"1435\" srcset=\"https:\/\/www.sudoku-online.org\/revista\/wp-content\/uploads\/2023\/09\/64204829-scaled.jpg 2560w, https:\/\/www.sudoku-online.org\/revista\/wp-content\/uploads\/2023\/09\/64204829-300x168.jpg 300w, https:\/\/www.sudoku-online.org\/revista\/wp-content\/uploads\/2023\/09\/64204829-1024x574.jpg 1024w, https:\/\/www.sudoku-online.org\/revista\/wp-content\/uploads\/2023\/09\/64204829-768x430.jpg 768w, https:\/\/www.sudoku-online.org\/revista\/wp-content\/uploads\/2023\/09\/64204829-1536x861.jpg 1536w, https:\/\/www.sudoku-online.org\/revista\/wp-content\/uploads\/2023\/09\/64204829-2048x1148.jpg 2048w\" sizes=\"auto, (max-width: 2560px) 100vw, 2560px\" \/><\/p>\n<h2>Pensamientos: peque\u00f1os gigantes del oto\u00f1o<\/h2>\n<p>Los pensamientos, con sus colores vibrantes y su aspecto alegre, son perfectos para animar cualquier rinc\u00f3n de tu hogar en oto\u00f1o. Disponibles en una amplia gama de tonos, desde los p\u00farpuras profundos hasta los amarillos y blancos suaves, los pensamientos son ideales para macetas y cestas colgantes. Su nombre, \u00abpensamientos\u00bb, proviene de la forma de las flores, que parecen caritas sonrientes. Coloca estos peque\u00f1os gigantes en tu balc\u00f3n o porche para dar la bienvenida a la temporada con alegr\u00eda.<\/p>\n<h2><img loading=\"lazy\" decoding=\"async\" class=\"aligncenter size-full wp-image-376\" src=\"https:\/\/www.sudoku-online.org\/revista\/wp-content\/uploads\/2023\/09\/flor-ciclamen-multi-colores-scaled.jpg\" alt=\"\" width=\"2560\" height=\"1707\" srcset=\"https:\/\/www.sudoku-online.org\/revista\/wp-content\/uploads\/2023\/09\/flor-ciclamen-multi-colores-scaled.jpg 2560w, https:\/\/www.sudoku-online.org\/revista\/wp-content\/uploads\/2023\/09\/flor-ciclamen-multi-colores-300x200.jpg 300w, https:\/\/www.sudoku-online.org\/revista\/wp-content\/uploads\/2023\/09\/flor-ciclamen-multi-colores-1024x683.jpg 1024w, https:\/\/www.sudoku-online.org\/revista\/wp-content\/uploads\/2023\/09\/flor-ciclamen-multi-colores-768x512.jpg 768w, https:\/\/www.sudoku-online.org\/revista\/wp-content\/uploads\/2023\/09\/flor-ciclamen-multi-colores-1536x1024.jpg 1536w, https:\/\/www.sudoku-online.org\/revista\/wp-content\/uploads\/2023\/09\/flor-ciclamen-multi-colores-2048x1365.jpg 2048w, https:\/\/www.sudoku-online.org\/revista\/wp-content\/uploads\/2023\/09\/flor-ciclamen-multi-colores-600x400.jpg 600w\" sizes=\"auto, (max-width: 2560px) 100vw, 2560px\" \/><\/h2>\n<h2>Ciclamen: elegancia en tonos pastel<\/h2>\n<p>El ciclamen es sin\u00f3nimo de elegancia y delicadeza. Sus flores en forma de mariposa est\u00e1n disponibles en colores como el rosa, el blanco y el lila, lo que las convierte en una elecci\u00f3n perfecta para una decoraci\u00f3n interior refinada. El ciclamen prefiere ambientes frescos y sombreados, lo que lo hace ideal para adornar mesas de centro o alf\u00e9izares de ventanas.<\/p>\n<h2><img loading=\"lazy\" decoding=\"async\" class=\"aligncenter size-full wp-image-378\" src=\"https:\/\/www.sudoku-online.org\/revista\/wp-content\/uploads\/2023\/09\/cautivadora-flor-ursinia-hermoso-fondo-borroso-ia-generativa-scaled.jpg\" alt=\"\" width=\"2560\" height=\"1280\" srcset=\"https:\/\/www.sudoku-online.org\/revista\/wp-content\/uploads\/2023\/09\/cautivadora-flor-ursinia-hermoso-fondo-borroso-ia-generativa-scaled.jpg 2560w, https:\/\/www.sudoku-online.org\/revista\/wp-content\/uploads\/2023\/09\/cautivadora-flor-ursinia-hermoso-fondo-borroso-ia-generativa-300x150.jpg 300w, https:\/\/www.sudoku-online.org\/revista\/wp-content\/uploads\/2023\/09\/cautivadora-flor-ursinia-hermoso-fondo-borroso-ia-generativa-1024x512.jpg 1024w, https:\/\/www.sudoku-online.org\/revista\/wp-content\/uploads\/2023\/09\/cautivadora-flor-ursinia-hermoso-fondo-borroso-ia-generativa-768x384.jpg 768w, https:\/\/www.sudoku-online.org\/revista\/wp-content\/uploads\/2023\/09\/cautivadora-flor-ursinia-hermoso-fondo-borroso-ia-generativa-1536x768.jpg 1536w, https:\/\/www.sudoku-online.org\/revista\/wp-content\/uploads\/2023\/09\/cautivadora-flor-ursinia-hermoso-fondo-borroso-ia-generativa-2048x1024.jpg 2048w\" sizes=\"auto, (max-width: 2560px) 100vw, 2560px\" \/><\/h2>\n<h2>Cal\u00e9ndulas: soleada calidez de oto\u00f1o<\/h2>\n<p>Las cal\u00e9ndulas son como peque\u00f1os soles en tu hogar durante el oto\u00f1o. Sus colores amarillos y naranjas brillantes aportan calidez y vitalidad a cualquier espacio. Adem\u00e1s de su belleza, las cal\u00e9ndulas tienen propiedades medicinales y se han utilizado en ung\u00fcentos y cremas para la piel durante siglos. Considera colocar macetas de cal\u00e9ndulas en tu cocina o sala de estar para un toque soleado.<\/p>\n<h2><img loading=\"lazy\" decoding=\"async\" class=\"aligncenter size-full wp-image-379\" src=\"https:\/\/www.sudoku-online.org\/revista\/wp-content\/uploads\/2023\/09\/51461544.jpg\" alt=\"\" width=\"1500\" height=\"1000\" srcset=\"https:\/\/www.sudoku-online.org\/revista\/wp-content\/uploads\/2023\/09\/51461544.jpg 1500w, https:\/\/www.sudoku-online.org\/revista\/wp-content\/uploads\/2023\/09\/51461544-300x200.jpg 300w, https:\/\/www.sudoku-online.org\/revista\/wp-content\/uploads\/2023\/09\/51461544-1024x683.jpg 1024w, https:\/\/www.sudoku-online.org\/revista\/wp-content\/uploads\/2023\/09\/51461544-768x512.jpg 768w, https:\/\/www.sudoku-online.org\/revista\/wp-content\/uploads\/2023\/09\/51461544-600x400.jpg 600w\" sizes=\"auto, (max-width: 1500px) 100vw, 1500px\" \/><\/h2>\n<h2>Crisantemos: iconos de la temporada<\/h2>\n<p>Los crisantemos, o \u00abmargaritas de oto\u00f1o\u00bb, son las flores m\u00e1s emblem\u00e1ticas de esta estaci\u00f3n. Su impresionante variedad de colores, que incluye tonos de rojo, amarillo, naranja y blanco, los convierte en una elecci\u00f3n vers\u00e1til para decorar tu hogar en oto\u00f1o. Los crisantemos se lucen especialmente en ramos y arreglos florales de oto\u00f1o, y su robustez los hace ideales para mantener la frescura durante toda la temporada.<\/p>\n<p><img loading=\"lazy\" decoding=\"async\" class=\"aligncenter size-full wp-image-380\" src=\"https:\/\/www.sudoku-online.org\/revista\/wp-content\/uploads\/2023\/09\/57850921-scaled.jpg\" alt=\"\" width=\"2560\" height=\"1463\" srcset=\"https:\/\/www.sudoku-online.org\/revista\/wp-content\/uploads\/2023\/09\/57850921-scaled.jpg 2560w, https:\/\/www.sudoku-online.org\/revista\/wp-content\/uploads\/2023\/09\/57850921-300x171.jpg 300w, https:\/\/www.sudoku-online.org\/revista\/wp-content\/uploads\/2023\/09\/57850921-1024x585.jpg 1024w, https:\/\/www.sudoku-online.org\/revista\/wp-content\/uploads\/2023\/09\/57850921-768x439.jpg 768w, https:\/\/www.sudoku-online.org\/revista\/wp-content\/uploads\/2023\/09\/57850921-1536x878.jpg 1536w, https:\/\/www.sudoku-online.org\/revista\/wp-content\/uploads\/2023\/09\/57850921-2048x1170.jpg 2048w\" sizes=\"auto, (max-width: 2560px) 100vw, 2560px\" \/><\/p>\n<h2>Pr\u00edmulas: delicadeza en colores suaves<\/h2>\n<p>Las pr\u00edmulas son flores encantadoras que ofrecen una paleta de colores suaves, como el lavanda, el amarillo p\u00e1lido y el rosa. Estas flores peque\u00f1as y delicadas son perfectas para a\u00f1adir un toque de elegancia a tu hogar en oto\u00f1o. Coloca pr\u00edmulas en macetas decorativas y ponlas en ventanas, estanter\u00edas o mesas auxiliares para dar vida a tus espacios.<\/p>\n<h2>Decorando con flores de oto\u00f1o<\/h2>\n<p>Estas flores de oto\u00f1o no solo son hermosas por s\u00ed mismas, sino que tambi\u00e9n pueden realzar la decoraci\u00f3n de tu hogar de muchas maneras:<\/p>\n<ul>\n<li><strong>Centros de mesa<\/strong>: Crea arreglos florales con estas flores y col\u00f3calos en el comedor o en la mesa de centro de la sala de estar para un toque elegante.<\/li>\n<li><strong>Macetas y cestas<\/strong>: Las macetas y cestas de estas flores pueden dar vida a tu porche o entrada principal, d\u00e1ndoles la bienvenida a tus invitados con una explosi\u00f3n de color.<\/li>\n<li><strong>Ramos y rinc\u00f3n de lectura<\/strong>: Un peque\u00f1o jarr\u00f3n con estas flores frescas en tu rinc\u00f3n de lectura favorito puede hacer que ese espacio sea a\u00fan m\u00e1s acogedor.<\/li>\n<\/ul>\n","protected":false},"excerpt":{"rendered":"<p>El oto\u00f1o trae consigo una paleta de colores c\u00e1lidos y una oportunidad perfecta para dar nueva vida a la decoraci\u00f3n de tu hogar con flores<\/p>\n","protected":false},"author":1,"featured_media":374,"comment_status":"closed","ping_status":"closed","sticky":false,"template":"","format":"standard","meta":{"footnotes":""},"categories":[4],"tags":[],"class_list":["post-373","post","type-post","status-publish","format-standard","has-post-thumbnail","hentry","category-plantas"],"yoast_head":"<!-- This site is optimized with the Yoast SEO plugin v26.6 - https:\/\/yoast.com\/wordpress\/plugins\/seo\/ -->\n<title>Flores de oto\u00f1o: pintando tu hogar con las plantas de temporada - Revista Sudoku<\/title>\n<meta name=\"robots\" content=\"index, follow, max-snippet:-1, max-image-preview:large, max-video-preview:-1\" \/>\n<link rel=\"canonical\" href=\"https:\/\/www.sudoku-online.org\/revista\/plantas\/flores-otono-colores-hogar-plantas-temporada-20230926-373.html\" \/>\n<meta property=\"og:locale\" content=\"es_ES\" \/>\n<meta property=\"og:type\" content=\"article\" \/>\n<meta property=\"og:title\" content=\"Flores de oto\u00f1o: pintando tu hogar con las plantas de temporada - Revista Sudoku\" \/>\n<meta property=\"og:description\" content=\"El oto\u00f1o trae consigo una paleta de colores c\u00e1lidos y una oportunidad perfecta para dar nueva vida a la decoraci\u00f3n de tu hogar con flores\" \/>\n<meta property=\"og:url\" content=\"https:\/\/www.sudoku-online.org\/revista\/plantas\/flores-otono-colores-hogar-plantas-temporada-20230926-373.html\" \/>\n<meta property=\"og:site_name\" content=\"Revista Sudoku\" \/>\n<meta property=\"article:publisher\" content=\"https:\/\/www.facebook.com\/sudokudiario\" \/>\n<meta property=\"article:published_time\" content=\"2023-09-26T14:41:18+00:00\" \/>\n<meta property=\"og:image\" content=\"https:\/\/www.sudoku-online.org\/revista\/wp-content\/uploads\/2023\/09\/fotografia-pensamiento-ia-generativa-luz-natural-scaled.jpg\" \/>\n\t<meta property=\"og:image:width\" content=\"2560\" \/>\n\t<meta property=\"og:image:height\" content=\"1706\" \/>\n\t<meta property=\"og:image:type\" content=\"image\/jpeg\" \/>\n<meta name=\"author\" content=\"Jaime Blanco\" \/>\n<meta name=\"twitter:card\" content=\"summary_large_image\" \/>\n<meta name=\"twitter:creator\" content=\"@sudokudiario\" \/>\n<meta name=\"twitter:site\" content=\"@sudokudiario\" \/>\n<meta name=\"twitter:label1\" content=\"Escrito por\" \/>\n\t<meta name=\"twitter:data1\" content=\"Jaime Blanco\" \/>\n\t<meta name=\"twitter:label2\" content=\"Tiempo de lectura\" \/>\n\t<meta name=\"twitter:data2\" content=\"3 minutos\" \/>\n<script type=\"application\/ld+json\" class=\"yoast-schema-graph\">{\"@context\":\"https:\/\/schema.org\",\"@graph\":[{\"@type\":\"Article\",\"@id\":\"https:\/\/www.sudoku-online.org\/revista\/plantas\/flores-otono-colores-hogar-plantas-temporada-20230926-373.html#article\",\"isPartOf\":{\"@id\":\"https:\/\/www.sudoku-online.org\/revista\/plantas\/flores-otono-colores-hogar-plantas-temporada-20230926-373.html\"},\"author\":{\"name\":\"Jaime Blanco\",\"@id\":\"https:\/\/www.sudoku-online.org\/revista\/#\/schema\/person\/9ac01aa3ee5ffd69c259cc5eb4373cf4\"},\"headline\":\"Flores de oto\u00f1o: pintando tu hogar con las plantas de temporada\",\"datePublished\":\"2023-09-26T14:41:18+00:00\",\"mainEntityOfPage\":{\"@id\":\"https:\/\/www.sudoku-online.org\/revista\/plantas\/flores-otono-colores-hogar-plantas-temporada-20230926-373.html\"},\"wordCount\":626,\"publisher\":{\"@id\":\"https:\/\/www.sudoku-online.org\/revista\/#organization\"},\"image\":{\"@id\":\"https:\/\/www.sudoku-online.org\/revista\/plantas\/flores-otono-colores-hogar-plantas-temporada-20230926-373.html#primaryimage\"},\"thumbnailUrl\":\"https:\/\/www.sudoku-online.org\/revista\/wp-content\/uploads\/2023\/09\/fotografia-pensamiento-ia-generativa-luz-natural-scaled.jpg\",\"articleSection\":[\"Plantas\"],\"inLanguage\":\"es\"},{\"@type\":[\"WebPage\",\"ItemPage\"],\"@id\":\"https:\/\/www.sudoku-online.org\/revista\/plantas\/flores-otono-colores-hogar-plantas-temporada-20230926-373.html\",\"url\":\"https:\/\/www.sudoku-online.org\/revista\/plantas\/flores-otono-colores-hogar-plantas-temporada-20230926-373.html\",\"name\":\"Flores de oto\u00f1o: pintando tu hogar con las plantas de temporada - Revista Sudoku\",\"isPartOf\":{\"@id\":\"https:\/\/www.sudoku-online.org\/revista\/#website\"},\"primaryImageOfPage\":{\"@id\":\"https:\/\/www.sudoku-online.org\/revista\/plantas\/flores-otono-colores-hogar-plantas-temporada-20230926-373.html#primaryimage\"},\"image\":{\"@id\":\"https:\/\/www.sudoku-online.org\/revista\/plantas\/flores-otono-colores-hogar-plantas-temporada-20230926-373.html#primaryimage\"},\"thumbnailUrl\":\"https:\/\/www.sudoku-online.org\/revista\/wp-content\/uploads\/2023\/09\/fotografia-pensamiento-ia-generativa-luz-natural-scaled.jpg\",\"datePublished\":\"2023-09-26T14:41:18+00:00\",\"breadcrumb\":{\"@id\":\"https:\/\/www.sudoku-online.org\/revista\/plantas\/flores-otono-colores-hogar-plantas-temporada-20230926-373.html#breadcrumb\"},\"inLanguage\":\"es\",\"potentialAction\":[{\"@type\":\"ReadAction\",\"target\":[\"https:\/\/www.sudoku-online.org\/revista\/plantas\/flores-otono-colores-hogar-plantas-temporada-20230926-373.html\"]}]},{\"@type\":\"ImageObject\",\"inLanguage\":\"es\",\"@id\":\"https:\/\/www.sudoku-online.org\/revista\/plantas\/flores-otono-colores-hogar-plantas-temporada-20230926-373.html#primaryimage\",\"url\":\"https:\/\/www.sudoku-online.org\/revista\/wp-content\/uploads\/2023\/09\/fotografia-pensamiento-ia-generativa-luz-natural-scaled.jpg\",\"contentUrl\":\"https:\/\/www.sudoku-online.org\/revista\/wp-content\/uploads\/2023\/09\/fotografia-pensamiento-ia-generativa-luz-natural-scaled.jpg\",\"width\":2560,\"height\":1706},{\"@type\":\"BreadcrumbList\",\"@id\":\"https:\/\/www.sudoku-online.org\/revista\/plantas\/flores-otono-colores-hogar-plantas-temporada-20230926-373.html#breadcrumb\",\"itemListElement\":[{\"@type\":\"ListItem\",\"position\":1,\"name\":\"Portada\",\"item\":\"https:\/\/www.sudoku-online.org\/revista\"},{\"@type\":\"ListItem\",\"position\":2,\"name\":\"Flores de oto\u00f1o: pintando tu hogar con las plantas de temporada\"}]},{\"@type\":\"WebSite\",\"@id\":\"https:\/\/www.sudoku-online.org\/revista\/#website\",\"url\":\"https:\/\/www.sudoku-online.org\/revista\/\",\"name\":\"Revista Sudoku\",\"description\":\"\",\"publisher\":{\"@id\":\"https:\/\/www.sudoku-online.org\/revista\/#organization\"},\"potentialAction\":[{\"@type\":\"SearchAction\",\"target\":{\"@type\":\"EntryPoint\",\"urlTemplate\":\"https:\/\/www.sudoku-online.org\/revista\/?s={search_term_string}\"},\"query-input\":{\"@type\":\"PropertyValueSpecification\",\"valueRequired\":true,\"valueName\":\"search_term_string\"}}],\"inLanguage\":\"es\"},{\"@type\":\"Organization\",\"@id\":\"https:\/\/www.sudoku-online.org\/revista\/#organization\",\"name\":\"Sudoku Online\",\"url\":\"https:\/\/www.sudoku-online.org\/revista\/\",\"logo\":{\"@type\":\"ImageObject\",\"inLanguage\":\"es\",\"@id\":\"https:\/\/www.sudoku-online.org\/revista\/#\/schema\/logo\/image\/\",\"url\":\"https:\/\/www.sudoku-online.org\/revista\/wp-content\/uploads\/2022\/01\/logo.jpg\",\"contentUrl\":\"https:\/\/www.sudoku-online.org\/revista\/wp-content\/uploads\/2022\/01\/logo.jpg\",\"width\":600,\"height\":60,\"caption\":\"Sudoku Online\"},\"image\":{\"@id\":\"https:\/\/www.sudoku-online.org\/revista\/#\/schema\/logo\/image\/\"},\"sameAs\":[\"https:\/\/www.facebook.com\/sudokudiario\",\"https:\/\/x.com\/sudokudiario\"]},{\"@type\":\"Person\",\"@id\":\"https:\/\/www.sudoku-online.org\/revista\/#\/schema\/person\/9ac01aa3ee5ffd69c259cc5eb4373cf4\",\"name\":\"Jaime Blanco\",\"image\":{\"@type\":\"ImageObject\",\"inLanguage\":\"es\",\"@id\":\"https:\/\/www.sudoku-online.org\/revista\/#\/schema\/person\/image\/\",\"url\":\"https:\/\/secure.gravatar.com\/avatar\/e9d2f42d075459a750f06ac8df8ca9c9693638e92e5035ce6ae081c3566765eb?s=96&d=mm&r=g\",\"contentUrl\":\"https:\/\/secure.gravatar.com\/avatar\/e9d2f42d075459a750f06ac8df8ca9c9693638e92e5035ce6ae081c3566765eb?s=96&d=mm&r=g\",\"caption\":\"Jaime Blanco\"},\"sameAs\":[\"https:\/\/www.sudoku-online.org\/revista\"],\"url\":\"https:\/\/www.sudoku-online.org\/revista\/autor\/jaime\"}]}<\/script>\n<!-- \/ Yoast SEO plugin. -->","yoast_head_json":{"title":"Flores de oto\u00f1o: pintando tu hogar con las plantas de temporada - Revista Sudoku","robots":{"index":"index","follow":"follow","max-snippet":"max-snippet:-1","max-image-preview":"max-image-preview:large","max-video-preview":"max-video-preview:-1"},"canonical":"https:\/\/www.sudoku-online.org\/revista\/plantas\/flores-otono-colores-hogar-plantas-temporada-20230926-373.html","og_locale":"es_ES","og_type":"article","og_title":"Flores de oto\u00f1o: pintando tu hogar con las plantas de temporada - Revista Sudoku","og_description":"El oto\u00f1o trae consigo una paleta de colores c\u00e1lidos y una oportunidad perfecta para dar nueva vida a la decoraci\u00f3n de tu hogar con flores","og_url":"https:\/\/www.sudoku-online.org\/revista\/plantas\/flores-otono-colores-hogar-plantas-temporada-20230926-373.html","og_site_name":"Revista Sudoku","article_publisher":"https:\/\/www.facebook.com\/sudokudiario","article_published_time":"2023-09-26T14:41:18+00:00","og_image":[{"width":2560,"height":1706,"url":"https:\/\/www.sudoku-online.org\/revista\/wp-content\/uploads\/2023\/09\/fotografia-pensamiento-ia-generativa-luz-natural-scaled.jpg","type":"image\/jpeg"}],"author":"Jaime Blanco","twitter_card":"summary_large_image","twitter_creator":"@sudokudiario","twitter_site":"@sudokudiario","twitter_misc":{"Escrito por":"Jaime Blanco","Tiempo de lectura":"3 minutos"},"schema":{"@context":"https:\/\/schema.org","@graph":[{"@type":"Article","@id":"https:\/\/www.sudoku-online.org\/revista\/plantas\/flores-otono-colores-hogar-plantas-temporada-20230926-373.html#article","isPartOf":{"@id":"https:\/\/www.sudoku-online.org\/revista\/plantas\/flores-otono-colores-hogar-plantas-temporada-20230926-373.html"},"author":{"name":"Jaime Blanco","@id":"https:\/\/www.sudoku-online.org\/revista\/#\/schema\/person\/9ac01aa3ee5ffd69c259cc5eb4373cf4"},"headline":"Flores de oto\u00f1o: pintando tu hogar con las plantas de temporada","datePublished":"2023-09-26T14:41:18+00:00","mainEntityOfPage":{"@id":"https:\/\/www.sudoku-online.org\/revista\/plantas\/flores-otono-colores-hogar-plantas-temporada-20230926-373.html"},"wordCount":626,"publisher":{"@id":"https:\/\/www.sudoku-online.org\/revista\/#organization"},"image":{"@id":"https:\/\/www.sudoku-online.org\/revista\/plantas\/flores-otono-colores-hogar-plantas-temporada-20230926-373.html#primaryimage"},"thumbnailUrl":"https:\/\/www.sudoku-online.org\/revista\/wp-content\/uploads\/2023\/09\/fotografia-pensamiento-ia-generativa-luz-natural-scaled.jpg","articleSection":["Plantas"],"inLanguage":"es"},{"@type":["WebPage","ItemPage"],"@id":"https:\/\/www.sudoku-online.org\/revista\/plantas\/flores-otono-colores-hogar-plantas-temporada-20230926-373.html","url":"https:\/\/www.sudoku-online.org\/revista\/plantas\/flores-otono-colores-hogar-plantas-temporada-20230926-373.html","name":"Flores de oto\u00f1o: pintando tu hogar con las plantas de temporada - Revista Sudoku","isPartOf":{"@id":"https:\/\/www.sudoku-online.org\/revista\/#website"},"primaryImageOfPage":{"@id":"https:\/\/www.sudoku-online.org\/revista\/plantas\/flores-otono-colores-hogar-plantas-temporada-20230926-373.html#primaryimage"},"image":{"@id":"https:\/\/www.sudoku-online.org\/revista\/plantas\/flores-otono-colores-hogar-plantas-temporada-20230926-373.html#primaryimage"},"thumbnailUrl":"https:\/\/www.sudoku-online.org\/revista\/wp-content\/uploads\/2023\/09\/fotografia-pensamiento-ia-generativa-luz-natural-scaled.jpg","datePublished":"2023-09-26T14:41:18+00:00","breadcrumb":{"@id":"https:\/\/www.sudoku-online.org\/revista\/plantas\/flores-otono-colores-hogar-plantas-temporada-20230926-373.html#breadcrumb"},"inLanguage":"es","potentialAction":[{"@type":"ReadAction","target":["https:\/\/www.sudoku-online.org\/revista\/plantas\/flores-otono-colores-hogar-plantas-temporada-20230926-373.html"]}]},{"@type":"ImageObject","inLanguage":"es","@id":"https:\/\/www.sudoku-online.org\/revista\/plantas\/flores-otono-colores-hogar-plantas-temporada-20230926-373.html#primaryimage","url":"https:\/\/www.sudoku-online.org\/revista\/wp-content\/uploads\/2023\/09\/fotografia-pensamiento-ia-generativa-luz-natural-scaled.jpg","contentUrl":"https:\/\/www.sudoku-online.org\/revista\/wp-content\/uploads\/2023\/09\/fotografia-pensamiento-ia-generativa-luz-natural-scaled.jpg","width":2560,"height":1706},{"@type":"BreadcrumbList","@id":"https:\/\/www.sudoku-online.org\/revista\/plantas\/flores-otono-colores-hogar-plantas-temporada-20230926-373.html#breadcrumb","itemListElement":[{"@type":"ListItem","position":1,"name":"Portada","item":"https:\/\/www.sudoku-online.org\/revista"},{"@type":"ListItem","position":2,"name":"Flores de oto\u00f1o: pintando tu hogar con las plantas de temporada"}]},{"@type":"WebSite","@id":"https:\/\/www.sudoku-online.org\/revista\/#website","url":"https:\/\/www.sudoku-online.org\/revista\/","name":"Revista Sudoku","description":"","publisher":{"@id":"https:\/\/www.sudoku-online.org\/revista\/#organization"},"potentialAction":[{"@type":"SearchAction","target":{"@type":"EntryPoint","urlTemplate":"https:\/\/www.sudoku-online.org\/revista\/?s={search_term_string}"},"query-input":{"@type":"PropertyValueSpecification","valueRequired":true,"valueName":"search_term_string"}}],"inLanguage":"es"},{"@type":"Organization","@id":"https:\/\/www.sudoku-online.org\/revista\/#organization","name":"Sudoku Online","url":"https:\/\/www.sudoku-online.org\/revista\/","logo":{"@type":"ImageObject","inLanguage":"es","@id":"https:\/\/www.sudoku-online.org\/revista\/#\/schema\/logo\/image\/","url":"https:\/\/www.sudoku-online.org\/revista\/wp-content\/uploads\/2022\/01\/logo.jpg","contentUrl":"https:\/\/www.sudoku-online.org\/revista\/wp-content\/uploads\/2022\/01\/logo.jpg","width":600,"height":60,"caption":"Sudoku Online"},"image":{"@id":"https:\/\/www.sudoku-online.org\/revista\/#\/schema\/logo\/image\/"},"sameAs":["https:\/\/www.facebook.com\/sudokudiario","https:\/\/x.com\/sudokudiario"]},{"@type":"Person","@id":"https:\/\/www.sudoku-online.org\/revista\/#\/schema\/person\/9ac01aa3ee5ffd69c259cc5eb4373cf4","name":"Jaime Blanco","image":{"@type":"ImageObject","inLanguage":"es","@id":"https:\/\/www.sudoku-online.org\/revista\/#\/schema\/person\/image\/","url":"https:\/\/secure.gravatar.com\/avatar\/e9d2f42d075459a750f06ac8df8ca9c9693638e92e5035ce6ae081c3566765eb?s=96&d=mm&r=g","contentUrl":"https:\/\/secure.gravatar.com\/avatar\/e9d2f42d075459a750f06ac8df8ca9c9693638e92e5035ce6ae081c3566765eb?s=96&d=mm&r=g","caption":"Jaime Blanco"},"sameAs":["https:\/\/www.sudoku-online.org\/revista"],"url":"https:\/\/www.sudoku-online.org\/revista\/autor\/jaime"}]}},"jetpack_featured_media_url":"https:\/\/www.sudoku-online.org\/revista\/wp-content\/uploads\/2023\/09\/fotografia-pensamiento-ia-generativa-luz-natural-scaled.jpg","jetpack-related-posts":[],"jetpack_sharing_enabled":true,"amp_enabled":true,"_links":{"self":[{"href":"https:\/\/www.sudoku-online.org\/revista\/wp-json\/wp\/v2\/posts\/373","targetHints":{"allow":["GET"]}}],"collection":[{"href":"https:\/\/www.sudoku-online.org\/revista\/wp-json\/wp\/v2\/posts"}],"about":[{"href":"https:\/\/www.sudoku-online.org\/revista\/wp-json\/wp\/v2\/types\/post"}],"author":[{"embeddable":true,"href":"https:\/\/www.sudoku-online.org\/revista\/wp-json\/wp\/v2\/users\/1"}],"replies":[{"embeddable":true,"href":"https:\/\/www.sudoku-online.org\/revista\/wp-json\/wp\/v2\/comments?post=373"}],"version-history":[{"count":1,"href":"https:\/\/www.sudoku-online.org\/revista\/wp-json\/wp\/v2\/posts\/373\/revisions"}],"predecessor-version":[{"id":381,"href":"https:\/\/www.sudoku-online.org\/revista\/wp-json\/wp\/v2\/posts\/373\/revisions\/381"}],"wp:featuredmedia":[{"embeddable":true,"href":"https:\/\/www.sudoku-online.org\/revista\/wp-json\/wp\/v2\/media\/374"}],"wp:attachment":[{"href":"https:\/\/www.sudoku-online.org\/revista\/wp-json\/wp\/v2\/media?parent=373"}],"wp:term":[{"taxonomy":"category","embeddable":true,"href":"https:\/\/www.sudoku-online.org\/revista\/wp-json\/wp\/v2\/categories?post=373"},{"taxonomy":"post_tag","embeddable":true,"href":"https:\/\/www.sudoku-online.org\/revista\/wp-json\/wp\/v2\/tags?post=373"}],"curies":[{"name":"wp","href":"https:\/\/api.w.org\/{rel}","templated":true}]}}