{"id":49,"date":"2021-12-01T01:28:41","date_gmt":"2021-12-01T01:28:41","guid":{"rendered":"https:\/\/www.sudoku-online.org\/revista\/?p=49"},"modified":"2021-12-21T00:09:33","modified_gmt":"2021-12-20T23:09:33","slug":"como-mantener-el-cerebro-en-forma-y-combatir-el-envejecimiento","status":"publish","type":"post","link":"https:\/\/www.sudoku-online.org\/revista\/estilo-de-vida\/como-mantener-el-cerebro-en-forma-y-combatir-el-envejecimiento-20211201-49.html","title":{"rendered":"C\u00f3mo mantener el cerebro en forma y combatir el envejecimiento"},"content":{"rendered":"<p>Nuestro cerebro est\u00e1 acostumbrado a \u00abgrabar\u00bb, pero no es capaz de almacenar todos los est\u00edmulos que recibe de la misma manera. Por lo tanto, hay algunos recuerdos que se olvidan con facilidad. Son los menos importantes o los que sirven para un fin muy concreto, que se disipan en poco tiempo. Para saber si se est\u00e1 produciendo un verdadero deterioro cognitivo, es necesario someterse a pruebas diagn\u00f3sticas espec\u00edficas. Aqu\u00ed te mostramos qu\u00e9 puede causar problemas de memoria y concentraci\u00f3n y qu\u00e9 remedios naturales son eficaces para evitarlos, en ausencia de enfermedades graves.<\/p>\n<h2>\u00bfTienes problemas de memoria? Podr\u00eda ser el estr\u00e9s<\/h2>\n<p>La enfermedad de Alzheimer y la enfermedad de Parkinson son las principales causas de los problemas de memoria en las personas mayores. Pero otros tipos de demencia, la depresi\u00f3n y las deficiencias nutricionales tambi\u00e9n las provocan.<\/p>\n<p>Una mala alimentaci\u00f3n puede, de hecho, empeorar nuestra memoria. Adem\u00e1s, est\u00e1 la fatiga, la deshidrataci\u00f3n, la medicaci\u00f3n, el alcohol y el tabaco.<\/p>\n<p>Los problemas de memoria en los ni\u00f1os est\u00e1n causados por el TDAH, un trastorno neurol\u00f3gico que afecta a la concentraci\u00f3n y el aprendizaje, pero que tambi\u00e9n se manifiesta con dificultades en la coordinaci\u00f3n de movimientos y el lenguaje.<\/p>\n<p>La afecci\u00f3n tambi\u00e9n puede producirse en la edad adulta, pero es m\u00e1s rara. Otras causas de los problemas de memoria y concentraci\u00f3n son los traumas y el estr\u00e9s psicol\u00f3gico, que, seg\u00fan un estudio reciente, provocan un deterioro de la memoria a corto plazo.<\/p>\n<h2>Problemas de memoria y concentraci\u00f3n: remedios naturales<\/h2>\n<p>El primer paso importante es mantener el peso bajo control. Seg\u00fan estudios realizados en grupos de animales, una reducci\u00f3n limitada de la cantidad de comida tendr\u00eda beneficios en el sistema cardiovascular, en la formaci\u00f3n de tejidos anormales y, por tanto, en el cerebro.<\/p>\n<p>Igualmente importante es lo que se come. Una dieta equilibrada, rica en frutas y verduras es b\u00e1sica para lograr todos los nutrientes, vitaminas y minerales que nuestro cuerpo necesita.<\/p>\n<p>Un sue\u00f1o de calidad, una correcta hidrataci\u00f3n y actividad f\u00edsica diaria tambi\u00e9n son primordiales. Sin olvidar la actividad cerebral espec\u00edfica, que puede mejorarse con t\u00e9cnicas de concentraci\u00f3n y juegos como el <a href=\"https:\/\/sudoku-online.org\/\">sudoku<\/a>, las <a href=\"https:\/\/www.minidamas.com\/\">damas<\/a> y el <a href=\"https:\/\/miniajedrez.com\/\">ajedrez<\/a>, los rompecabezas, la jardiner\u00eda y las manualidades.<\/p>\n","protected":false},"excerpt":{"rendered":"<p>Nuestro cerebro est\u00e1 acostumbrado a \u00abgrabar\u00bb, pero no es capaz de almacenar todos los est\u00edmulos que recibe de la misma manera. Por lo tanto, hay<\/p>\n","protected":false},"author":1,"featured_media":51,"comment_status":"closed","ping_status":"closed","sticky":false,"template":"","format":"standard","meta":{"footnotes":""},"categories":[7],"tags":[],"class_list":["post-49","post","type-post","status-publish","format-standard","has-post-thumbnail","hentry","category-estilo-de-vida"],"yoast_head":"<!-- This site is optimized with the Yoast SEO plugin v26.6 - https:\/\/yoast.com\/wordpress\/plugins\/seo\/ -->\n<title>C\u00f3mo mantener el cerebro en forma y combatir el envejecimiento - Revista Sudoku<\/title>\n<meta name=\"description\" content=\"Es normal tener problemas de memoria en la vejez, pero quiz\u00e1 no mucha gente sepa que tambi\u00e9n puede ocurrir a una edad temprana. Veamos por qu\u00e9 y cu\u00e1les son los remedios.\" \/>\n<meta name=\"robots\" content=\"index, follow, max-snippet:-1, max-image-preview:large, max-video-preview:-1\" \/>\n<link rel=\"canonical\" href=\"https:\/\/www.sudoku-online.org\/revista\/estilo-de-vida\/como-mantener-el-cerebro-en-forma-y-combatir-el-envejecimiento-20211201-49.html\" \/>\n<meta property=\"og:locale\" content=\"es_ES\" \/>\n<meta property=\"og:type\" content=\"article\" \/>\n<meta property=\"og:title\" content=\"C\u00f3mo mantener el cerebro en forma y combatir el envejecimiento - Revista Sudoku\" \/>\n<meta property=\"og:description\" content=\"Es normal tener problemas de memoria en la vejez, pero quiz\u00e1 no mucha gente sepa que tambi\u00e9n puede ocurrir a una edad temprana. Veamos por qu\u00e9 y cu\u00e1les son los remedios.\" \/>\n<meta property=\"og:url\" content=\"https:\/\/www.sudoku-online.org\/revista\/estilo-de-vida\/como-mantener-el-cerebro-en-forma-y-combatir-el-envejecimiento-20211201-49.html\" \/>\n<meta property=\"og:site_name\" content=\"Revista Sudoku\" \/>\n<meta property=\"article:publisher\" content=\"https:\/\/www.facebook.com\/sudokudiario\" \/>\n<meta property=\"article:published_time\" content=\"2021-12-01T01:28:41+00:00\" \/>\n<meta property=\"article:modified_time\" content=\"2021-12-20T23:09:33+00:00\" \/>\n<meta property=\"og:image\" content=\"https:\/\/www.sudoku-online.org\/revista\/wp-content\/uploads\/2021\/12\/cerebro-memoria-scaled-e1640041769291.jpg\" \/>\n\t<meta property=\"og:image:width\" content=\"2560\" \/>\n\t<meta property=\"og:image:height\" content=\"1440\" \/>\n\t<meta property=\"og:image:type\" content=\"image\/jpeg\" \/>\n<meta name=\"author\" content=\"Jaime Blanco\" \/>\n<meta name=\"twitter:card\" content=\"summary_large_image\" \/>\n<meta name=\"twitter:creator\" content=\"@sudokudiario\" \/>\n<meta name=\"twitter:site\" content=\"@sudokudiario\" \/>\n<meta name=\"twitter:label1\" content=\"Escrito por\" \/>\n\t<meta name=\"twitter:data1\" content=\"Jaime Blanco\" \/>\n\t<meta name=\"twitter:label2\" content=\"Tiempo de lectura\" \/>\n\t<meta name=\"twitter:data2\" content=\"2 minutos\" \/>\n<script type=\"application\/ld+json\" class=\"yoast-schema-graph\">{\"@context\":\"https:\/\/schema.org\",\"@graph\":[{\"@type\":\"Article\",\"@id\":\"https:\/\/www.sudoku-online.org\/revista\/estilo-de-vida\/como-mantener-el-cerebro-en-forma-y-combatir-el-envejecimiento-20211201-49.html#article\",\"isPartOf\":{\"@id\":\"https:\/\/www.sudoku-online.org\/revista\/estilo-de-vida\/como-mantener-el-cerebro-en-forma-y-combatir-el-envejecimiento-20211201-49.html\"},\"author\":{\"name\":\"Jaime Blanco\",\"@id\":\"https:\/\/www.sudoku-online.org\/revista\/#\/schema\/person\/9ac01aa3ee5ffd69c259cc5eb4373cf4\"},\"headline\":\"C\u00f3mo mantener el cerebro en forma y combatir el envejecimiento\",\"datePublished\":\"2021-12-01T01:28:41+00:00\",\"dateModified\":\"2021-12-20T23:09:33+00:00\",\"mainEntityOfPage\":{\"@id\":\"https:\/\/www.sudoku-online.org\/revista\/estilo-de-vida\/como-mantener-el-cerebro-en-forma-y-combatir-el-envejecimiento-20211201-49.html\"},\"wordCount\":412,\"publisher\":{\"@id\":\"https:\/\/www.sudoku-online.org\/revista\/#organization\"},\"image\":{\"@id\":\"https:\/\/www.sudoku-online.org\/revista\/estilo-de-vida\/como-mantener-el-cerebro-en-forma-y-combatir-el-envejecimiento-20211201-49.html#primaryimage\"},\"thumbnailUrl\":\"https:\/\/www.sudoku-online.org\/revista\/wp-content\/uploads\/2021\/12\/cerebro-memoria-scaled-e1640041769291.jpg\",\"articleSection\":[\"Estilo de vida\"],\"inLanguage\":\"es\"},{\"@type\":[\"WebPage\",\"ItemPage\"],\"@id\":\"https:\/\/www.sudoku-online.org\/revista\/estilo-de-vida\/como-mantener-el-cerebro-en-forma-y-combatir-el-envejecimiento-20211201-49.html\",\"url\":\"https:\/\/www.sudoku-online.org\/revista\/estilo-de-vida\/como-mantener-el-cerebro-en-forma-y-combatir-el-envejecimiento-20211201-49.html\",\"name\":\"C\u00f3mo mantener el cerebro en forma y combatir el envejecimiento - Revista Sudoku\",\"isPartOf\":{\"@id\":\"https:\/\/www.sudoku-online.org\/revista\/#website\"},\"primaryImageOfPage\":{\"@id\":\"https:\/\/www.sudoku-online.org\/revista\/estilo-de-vida\/como-mantener-el-cerebro-en-forma-y-combatir-el-envejecimiento-20211201-49.html#primaryimage\"},\"image\":{\"@id\":\"https:\/\/www.sudoku-online.org\/revista\/estilo-de-vida\/como-mantener-el-cerebro-en-forma-y-combatir-el-envejecimiento-20211201-49.html#primaryimage\"},\"thumbnailUrl\":\"https:\/\/www.sudoku-online.org\/revista\/wp-content\/uploads\/2021\/12\/cerebro-memoria-scaled-e1640041769291.jpg\",\"datePublished\":\"2021-12-01T01:28:41+00:00\",\"dateModified\":\"2021-12-20T23:09:33+00:00\",\"description\":\"Es normal tener problemas de memoria en la vejez, pero quiz\u00e1 no mucha gente sepa que tambi\u00e9n puede ocurrir a una edad temprana. Veamos por qu\u00e9 y cu\u00e1les son los remedios.\",\"breadcrumb\":{\"@id\":\"https:\/\/www.sudoku-online.org\/revista\/estilo-de-vida\/como-mantener-el-cerebro-en-forma-y-combatir-el-envejecimiento-20211201-49.html#breadcrumb\"},\"inLanguage\":\"es\",\"potentialAction\":[{\"@type\":\"ReadAction\",\"target\":[\"https:\/\/www.sudoku-online.org\/revista\/estilo-de-vida\/como-mantener-el-cerebro-en-forma-y-combatir-el-envejecimiento-20211201-49.html\"]}]},{\"@type\":\"ImageObject\",\"inLanguage\":\"es\",\"@id\":\"https:\/\/www.sudoku-online.org\/revista\/estilo-de-vida\/como-mantener-el-cerebro-en-forma-y-combatir-el-envejecimiento-20211201-49.html#primaryimage\",\"url\":\"https:\/\/www.sudoku-online.org\/revista\/wp-content\/uploads\/2021\/12\/cerebro-memoria-scaled-e1640041769291.jpg\",\"contentUrl\":\"https:\/\/www.sudoku-online.org\/revista\/wp-content\/uploads\/2021\/12\/cerebro-memoria-scaled-e1640041769291.jpg\",\"width\":2560,\"height\":1440,\"caption\":\"cerebro concentraci\u00f3n memoria\"},{\"@type\":\"BreadcrumbList\",\"@id\":\"https:\/\/www.sudoku-online.org\/revista\/estilo-de-vida\/como-mantener-el-cerebro-en-forma-y-combatir-el-envejecimiento-20211201-49.html#breadcrumb\",\"itemListElement\":[{\"@type\":\"ListItem\",\"position\":1,\"name\":\"Portada\",\"item\":\"https:\/\/www.sudoku-online.org\/revista\"},{\"@type\":\"ListItem\",\"position\":2,\"name\":\"C\u00f3mo mantener el cerebro en forma y combatir el envejecimiento\"}]},{\"@type\":\"WebSite\",\"@id\":\"https:\/\/www.sudoku-online.org\/revista\/#website\",\"url\":\"https:\/\/www.sudoku-online.org\/revista\/\",\"name\":\"Revista Sudoku\",\"description\":\"\",\"publisher\":{\"@id\":\"https:\/\/www.sudoku-online.org\/revista\/#organization\"},\"potentialAction\":[{\"@type\":\"SearchAction\",\"target\":{\"@type\":\"EntryPoint\",\"urlTemplate\":\"https:\/\/www.sudoku-online.org\/revista\/?s={search_term_string}\"},\"query-input\":{\"@type\":\"PropertyValueSpecification\",\"valueRequired\":true,\"valueName\":\"search_term_string\"}}],\"inLanguage\":\"es\"},{\"@type\":\"Organization\",\"@id\":\"https:\/\/www.sudoku-online.org\/revista\/#organization\",\"name\":\"Sudoku Online\",\"url\":\"https:\/\/www.sudoku-online.org\/revista\/\",\"logo\":{\"@type\":\"ImageObject\",\"inLanguage\":\"es\",\"@id\":\"https:\/\/www.sudoku-online.org\/revista\/#\/schema\/logo\/image\/\",\"url\":\"https:\/\/www.sudoku-online.org\/revista\/wp-content\/uploads\/2022\/01\/logo.jpg\",\"contentUrl\":\"https:\/\/www.sudoku-online.org\/revista\/wp-content\/uploads\/2022\/01\/logo.jpg\",\"width\":600,\"height\":60,\"caption\":\"Sudoku Online\"},\"image\":{\"@id\":\"https:\/\/www.sudoku-online.org\/revista\/#\/schema\/logo\/image\/\"},\"sameAs\":[\"https:\/\/www.facebook.com\/sudokudiario\",\"https:\/\/x.com\/sudokudiario\"]},{\"@type\":\"Person\",\"@id\":\"https:\/\/www.sudoku-online.org\/revista\/#\/schema\/person\/9ac01aa3ee5ffd69c259cc5eb4373cf4\",\"name\":\"Jaime Blanco\",\"image\":{\"@type\":\"ImageObject\",\"inLanguage\":\"es\",\"@id\":\"https:\/\/www.sudoku-online.org\/revista\/#\/schema\/person\/image\/\",\"url\":\"https:\/\/secure.gravatar.com\/avatar\/e9d2f42d075459a750f06ac8df8ca9c9693638e92e5035ce6ae081c3566765eb?s=96&d=mm&r=g\",\"contentUrl\":\"https:\/\/secure.gravatar.com\/avatar\/e9d2f42d075459a750f06ac8df8ca9c9693638e92e5035ce6ae081c3566765eb?s=96&d=mm&r=g\",\"caption\":\"Jaime Blanco\"},\"sameAs\":[\"https:\/\/www.sudoku-online.org\/revista\"],\"url\":\"https:\/\/www.sudoku-online.org\/revista\/autor\/jaime\"}]}<\/script>\n<!-- \/ Yoast SEO plugin. -->","yoast_head_json":{"title":"C\u00f3mo mantener el cerebro en forma y combatir el envejecimiento - Revista Sudoku","description":"Es normal tener problemas de memoria en la vejez, pero quiz\u00e1 no mucha gente sepa que tambi\u00e9n puede ocurrir a una edad temprana. Veamos por qu\u00e9 y cu\u00e1les son los remedios.","robots":{"index":"index","follow":"follow","max-snippet":"max-snippet:-1","max-image-preview":"max-image-preview:large","max-video-preview":"max-video-preview:-1"},"canonical":"https:\/\/www.sudoku-online.org\/revista\/estilo-de-vida\/como-mantener-el-cerebro-en-forma-y-combatir-el-envejecimiento-20211201-49.html","og_locale":"es_ES","og_type":"article","og_title":"C\u00f3mo mantener el cerebro en forma y combatir el envejecimiento - Revista Sudoku","og_description":"Es normal tener problemas de memoria en la vejez, pero quiz\u00e1 no mucha gente sepa que tambi\u00e9n puede ocurrir a una edad temprana. Veamos por qu\u00e9 y cu\u00e1les son los remedios.","og_url":"https:\/\/www.sudoku-online.org\/revista\/estilo-de-vida\/como-mantener-el-cerebro-en-forma-y-combatir-el-envejecimiento-20211201-49.html","og_site_name":"Revista Sudoku","article_publisher":"https:\/\/www.facebook.com\/sudokudiario","article_published_time":"2021-12-01T01:28:41+00:00","article_modified_time":"2021-12-20T23:09:33+00:00","og_image":[{"width":2560,"height":1440,"url":"https:\/\/www.sudoku-online.org\/revista\/wp-content\/uploads\/2021\/12\/cerebro-memoria-scaled-e1640041769291.jpg","type":"image\/jpeg"}],"author":"Jaime Blanco","twitter_card":"summary_large_image","twitter_creator":"@sudokudiario","twitter_site":"@sudokudiario","twitter_misc":{"Escrito por":"Jaime Blanco","Tiempo de lectura":"2 minutos"},"schema":{"@context":"https:\/\/schema.org","@graph":[{"@type":"Article","@id":"https:\/\/www.sudoku-online.org\/revista\/estilo-de-vida\/como-mantener-el-cerebro-en-forma-y-combatir-el-envejecimiento-20211201-49.html#article","isPartOf":{"@id":"https:\/\/www.sudoku-online.org\/revista\/estilo-de-vida\/como-mantener-el-cerebro-en-forma-y-combatir-el-envejecimiento-20211201-49.html"},"author":{"name":"Jaime Blanco","@id":"https:\/\/www.sudoku-online.org\/revista\/#\/schema\/person\/9ac01aa3ee5ffd69c259cc5eb4373cf4"},"headline":"C\u00f3mo mantener el cerebro en forma y combatir el envejecimiento","datePublished":"2021-12-01T01:28:41+00:00","dateModified":"2021-12-20T23:09:33+00:00","mainEntityOfPage":{"@id":"https:\/\/www.sudoku-online.org\/revista\/estilo-de-vida\/como-mantener-el-cerebro-en-forma-y-combatir-el-envejecimiento-20211201-49.html"},"wordCount":412,"publisher":{"@id":"https:\/\/www.sudoku-online.org\/revista\/#organization"},"image":{"@id":"https:\/\/www.sudoku-online.org\/revista\/estilo-de-vida\/como-mantener-el-cerebro-en-forma-y-combatir-el-envejecimiento-20211201-49.html#primaryimage"},"thumbnailUrl":"https:\/\/www.sudoku-online.org\/revista\/wp-content\/uploads\/2021\/12\/cerebro-memoria-scaled-e1640041769291.jpg","articleSection":["Estilo de vida"],"inLanguage":"es"},{"@type":["WebPage","ItemPage"],"@id":"https:\/\/www.sudoku-online.org\/revista\/estilo-de-vida\/como-mantener-el-cerebro-en-forma-y-combatir-el-envejecimiento-20211201-49.html","url":"https:\/\/www.sudoku-online.org\/revista\/estilo-de-vida\/como-mantener-el-cerebro-en-forma-y-combatir-el-envejecimiento-20211201-49.html","name":"C\u00f3mo mantener el cerebro en forma y combatir el envejecimiento - Revista Sudoku","isPartOf":{"@id":"https:\/\/www.sudoku-online.org\/revista\/#website"},"primaryImageOfPage":{"@id":"https:\/\/www.sudoku-online.org\/revista\/estilo-de-vida\/como-mantener-el-cerebro-en-forma-y-combatir-el-envejecimiento-20211201-49.html#primaryimage"},"image":{"@id":"https:\/\/www.sudoku-online.org\/revista\/estilo-de-vida\/como-mantener-el-cerebro-en-forma-y-combatir-el-envejecimiento-20211201-49.html#primaryimage"},"thumbnailUrl":"https:\/\/www.sudoku-online.org\/revista\/wp-content\/uploads\/2021\/12\/cerebro-memoria-scaled-e1640041769291.jpg","datePublished":"2021-12-01T01:28:41+00:00","dateModified":"2021-12-20T23:09:33+00:00","description":"Es normal tener problemas de memoria en la vejez, pero quiz\u00e1 no mucha gente sepa que tambi\u00e9n puede ocurrir a una edad temprana. Veamos por qu\u00e9 y cu\u00e1les son los remedios.","breadcrumb":{"@id":"https:\/\/www.sudoku-online.org\/revista\/estilo-de-vida\/como-mantener-el-cerebro-en-forma-y-combatir-el-envejecimiento-20211201-49.html#breadcrumb"},"inLanguage":"es","potentialAction":[{"@type":"ReadAction","target":["https:\/\/www.sudoku-online.org\/revista\/estilo-de-vida\/como-mantener-el-cerebro-en-forma-y-combatir-el-envejecimiento-20211201-49.html"]}]},{"@type":"ImageObject","inLanguage":"es","@id":"https:\/\/www.sudoku-online.org\/revista\/estilo-de-vida\/como-mantener-el-cerebro-en-forma-y-combatir-el-envejecimiento-20211201-49.html#primaryimage","url":"https:\/\/www.sudoku-online.org\/revista\/wp-content\/uploads\/2021\/12\/cerebro-memoria-scaled-e1640041769291.jpg","contentUrl":"https:\/\/www.sudoku-online.org\/revista\/wp-content\/uploads\/2021\/12\/cerebro-memoria-scaled-e1640041769291.jpg","width":2560,"height":1440,"caption":"cerebro concentraci\u00f3n memoria"},{"@type":"BreadcrumbList","@id":"https:\/\/www.sudoku-online.org\/revista\/estilo-de-vida\/como-mantener-el-cerebro-en-forma-y-combatir-el-envejecimiento-20211201-49.html#breadcrumb","itemListElement":[{"@type":"ListItem","position":1,"name":"Portada","item":"https:\/\/www.sudoku-online.org\/revista"},{"@type":"ListItem","position":2,"name":"C\u00f3mo mantener el cerebro en forma y combatir el envejecimiento"}]},{"@type":"WebSite","@id":"https:\/\/www.sudoku-online.org\/revista\/#website","url":"https:\/\/www.sudoku-online.org\/revista\/","name":"Revista Sudoku","description":"","publisher":{"@id":"https:\/\/www.sudoku-online.org\/revista\/#organization"},"potentialAction":[{"@type":"SearchAction","target":{"@type":"EntryPoint","urlTemplate":"https:\/\/www.sudoku-online.org\/revista\/?s={search_term_string}"},"query-input":{"@type":"PropertyValueSpecification","valueRequired":true,"valueName":"search_term_string"}}],"inLanguage":"es"},{"@type":"Organization","@id":"https:\/\/www.sudoku-online.org\/revista\/#organization","name":"Sudoku Online","url":"https:\/\/www.sudoku-online.org\/revista\/","logo":{"@type":"ImageObject","inLanguage":"es","@id":"https:\/\/www.sudoku-online.org\/revista\/#\/schema\/logo\/image\/","url":"https:\/\/www.sudoku-online.org\/revista\/wp-content\/uploads\/2022\/01\/logo.jpg","contentUrl":"https:\/\/www.sudoku-online.org\/revista\/wp-content\/uploads\/2022\/01\/logo.jpg","width":600,"height":60,"caption":"Sudoku Online"},"image":{"@id":"https:\/\/www.sudoku-online.org\/revista\/#\/schema\/logo\/image\/"},"sameAs":["https:\/\/www.facebook.com\/sudokudiario","https:\/\/x.com\/sudokudiario"]},{"@type":"Person","@id":"https:\/\/www.sudoku-online.org\/revista\/#\/schema\/person\/9ac01aa3ee5ffd69c259cc5eb4373cf4","name":"Jaime Blanco","image":{"@type":"ImageObject","inLanguage":"es","@id":"https:\/\/www.sudoku-online.org\/revista\/#\/schema\/person\/image\/","url":"https:\/\/secure.gravatar.com\/avatar\/e9d2f42d075459a750f06ac8df8ca9c9693638e92e5035ce6ae081c3566765eb?s=96&d=mm&r=g","contentUrl":"https:\/\/secure.gravatar.com\/avatar\/e9d2f42d075459a750f06ac8df8ca9c9693638e92e5035ce6ae081c3566765eb?s=96&d=mm&r=g","caption":"Jaime Blanco"},"sameAs":["https:\/\/www.sudoku-online.org\/revista"],"url":"https:\/\/www.sudoku-online.org\/revista\/autor\/jaime"}]}},"jetpack_featured_media_url":"https:\/\/www.sudoku-online.org\/revista\/wp-content\/uploads\/2021\/12\/cerebro-memoria-scaled-e1640041769291.jpg","jetpack-related-posts":[],"jetpack_sharing_enabled":true,"amp_enabled":true,"_links":{"self":[{"href":"https:\/\/www.sudoku-online.org\/revista\/wp-json\/wp\/v2\/posts\/49","targetHints":{"allow":["GET"]}}],"collection":[{"href":"https:\/\/www.sudoku-online.org\/revista\/wp-json\/wp\/v2\/posts"}],"about":[{"href":"https:\/\/www.sudoku-online.org\/revista\/wp-json\/wp\/v2\/types\/post"}],"author":[{"embeddable":true,"href":"https:\/\/www.sudoku-online.org\/revista\/wp-json\/wp\/v2\/users\/1"}],"replies":[{"embeddable":true,"href":"https:\/\/www.sudoku-online.org\/revista\/wp-json\/wp\/v2\/comments?post=49"}],"version-history":[{"count":2,"href":"https:\/\/www.sudoku-online.org\/revista\/wp-json\/wp\/v2\/posts\/49\/revisions"}],"predecessor-version":[{"id":52,"href":"https:\/\/www.sudoku-online.org\/revista\/wp-json\/wp\/v2\/posts\/49\/revisions\/52"}],"wp:featuredmedia":[{"embeddable":true,"href":"https:\/\/www.sudoku-online.org\/revista\/wp-json\/wp\/v2\/media\/51"}],"wp:attachment":[{"href":"https:\/\/www.sudoku-online.org\/revista\/wp-json\/wp\/v2\/media?parent=49"}],"wp:term":[{"taxonomy":"category","embeddable":true,"href":"https:\/\/www.sudoku-online.org\/revista\/wp-json\/wp\/v2\/categories?post=49"},{"taxonomy":"post_tag","embeddable":true,"href":"https:\/\/www.sudoku-online.org\/revista\/wp-json\/wp\/v2\/tags?post=49"}],"curies":[{"name":"wp","href":"https:\/\/api.w.org\/{rel}","templated":true}]}}